{"id":1285,"date":"2026-03-13T23:37:05","date_gmt":"2026-03-13T22:37:05","guid":{"rendered":"https:\/\/brasserie-dominicains.fr\/?p=1285"},"modified":"2026-03-13T23:46:58","modified_gmt":"2026-03-13T22:46:58","slug":"concert-pop-acoustique-symbioz-a-la-brasserie-les-dominicains","status":"publish","type":"post","link":"https:\/\/brasserie-dominicains.fr\/en\/2026\/03\/13\/concert-pop-acoustique-symbioz-a-la-brasserie-les-dominicains\/","title":{"rendered":"Concert pop acoustique Symbioz \u00e0 la brasserie Les dominicains"},"content":{"rendered":"\n<p>Le duo pop acoustique Symbioz vient illuminer la brasserie Les Dominicains \u00e0 Colmar, vendredi 27 avril. Avec ses m\u00e9lodies cisel\u00e9es aux couleurs reggae, ses textes velout\u00e9s et piquants tout \u00e0 la fois, Symbioz, remplit l&rsquo;\u00e2me et r\u00e9gale les oreilles ! LE concert \u00e0 colmar qu&rsquo;il ne faut pas manquer fin avril !<\/p>\n\n\n\n<p><strong>Qui est Symbioz ? <\/strong><\/p>\n\n\n\n<p>Ce sont deux nanas, deux voix. Une seule respiration. Une Pop-acoustique teint\u00e9e de reggae. Des textes qui caressent\u2026 et qui piquent \u00e0 la fois. Au commencement, deux adolescentes de 17 ans sur le point de faire une rencontre d\u00e9terminante dans une salle de classe aust\u00e8re. Caty vient pour montrer ses talents de batteuse. Morgane vient avec sa guitare\u2026 Et l&rsquo;alchimie op\u00e8re. Morgane propose : \u201c\u00c7a te dirait qu\u2019on fasse un truc ensemble ?\u201d Caty dit oui. Et C\u2019est l\u00e0 que Symbioz commence vraiment. Avec l\u2019harmonie comme fondement principal. Deux voix qui s\u2019attrapent, se bousculent, se r\u00e9pondent. Et qui, petit \u00e0 petit, finissent par cr\u00e9er une connexion visible. Aujourd\u2019hui, Symbioz, c\u2019est : des m\u00e9lodies pop-acoustiques, des couleurs reggae, et des textes qui ont quelque chose \u00e0 dire \u2014 sur la vie, sur les gens, sur ce qu\u2019on se raconte pour tenir debout.<\/p>\n\n\n\n<p>Infos et r\u00e9servations : 03 89 29 32 93<\/p>\n\n\n\n<p><\/p>\n","protected":false},"excerpt":{"rendered":"<p>Le duo pop acoustique Symbioz vient illuminer la brasserie Les Dominicains \u00e0 Colmar, vendredi 27 avril. <\/p>\n","protected":false},"author":1,"featured_media":1286,"comment_status":"closed","ping_status":"open","sticky":false,"template":"","format":"standard","meta":{"saved_in_kubio":false,"_seopress_robots_primary_cat":"","_seopress_titles_title":"Concert pop acoustique Symbioz brasserie Les dominicains","_seopress_titles_desc":"Le duo pop acoustique Symbioz vient illuminer la brasserie Les Dominicains \u00e0 Colmar, vendredi 27 avril. LE concert \u00e0 colmar \u00e0 ne pas manquer fin avril !","_seopress_robots_index":"","footnotes":""},"categories":[1],"tags":[],"class_list":["post-1285","post","type-post","status-publish","format-standard","has-post-thumbnail","hentry","category-non-classe"],"_links":{"self":[{"href":"https:\/\/brasserie-dominicains.fr\/en\/wp-json\/wp\/v2\/posts\/1285","targetHints":{"allow":["GET"]}}],"collection":[{"href":"https:\/\/brasserie-dominicains.fr\/en\/wp-json\/wp\/v2\/posts"}],"about":[{"href":"https:\/\/brasserie-dominicains.fr\/en\/wp-json\/wp\/v2\/types\/post"}],"author":[{"embeddable":true,"href":"https:\/\/brasserie-dominicains.fr\/en\/wp-json\/wp\/v2\/users\/1"}],"replies":[{"embeddable":true,"href":"https:\/\/brasserie-dominicains.fr\/en\/wp-json\/wp\/v2\/comments?post=1285"}],"version-history":[{"count":3,"href":"https:\/\/brasserie-dominicains.fr\/en\/wp-json\/wp\/v2\/posts\/1285\/revisions"}],"predecessor-version":[{"id":1291,"href":"https:\/\/brasserie-dominicains.fr\/en\/wp-json\/wp\/v2\/posts\/1285\/revisions\/1291"}],"wp:featuredmedia":[{"embeddable":true,"href":"https:\/\/brasserie-dominicains.fr\/en\/wp-json\/wp\/v2\/media\/1286"}],"wp:attachment":[{"href":"https:\/\/brasserie-dominicains.fr\/en\/wp-json\/wp\/v2\/media?parent=1285"}],"wp:term":[{"taxonomy":"category","embeddable":true,"href":"https:\/\/brasserie-dominicains.fr\/en\/wp-json\/wp\/v2\/categories?post=1285"},{"taxonomy":"post_tag","embeddable":true,"href":"https:\/\/brasserie-dominicains.fr\/en\/wp-json\/wp\/v2\/tags?post=1285"}],"curies":[{"name":"wp","href":"https:\/\/api.w.org\/{rel}","templated":true}]}}