{"id":1274,"date":"2026-02-17T19:35:04","date_gmt":"2026-02-17T18:35:04","guid":{"rendered":"https:\/\/brasserie-dominicains.fr\/?p=1274"},"modified":"2026-02-17T19:35:04","modified_gmt":"2026-02-17T18:35:04","slug":"soiree-tartes-flambees-a-volonte-vendredi-27-fevrier","status":"publish","type":"post","link":"https:\/\/brasserie-dominicains.fr\/en\/2026\/02\/17\/soiree-tartes-flambees-a-volonte-vendredi-27-fevrier\/","title":{"rendered":"Soir\u00e9e Tartes Flamb\u00e9es \u00e0 volont\u00e9 vendredi 27 f\u00e9vrier"},"content":{"rendered":"\n<p>Grande soir\u00e9e tartes flamb\u00e9es \u00e0 volont\u00e9, \u00e0 la Brasserie Les Dominicains de Colmar. Retrouvez toutes nos tartes flamb\u00e9es pour une grande soir\u00e9e sp\u00e9ciale gourmandise !<\/p>\n\n\n\n<p><strong>Concernant les tarifs<\/strong><\/p>\n\n\n\n<p>La formule tarte flamb\u00e9e \u00e0 volont\u00e9 est \u00e0 18,50\u20ac par personne. Attention ! Nous vous conseillons fortement de r\u00e9server, pour cette premi\u00e8re soir\u00e9e Tartes Flamb\u00e9es \u00e0 volont\u00e9 ! Vous pouvez nous contacter directement au restaurant par t\u00e9l\u00e9phone : 03 89 29 32 93<\/p>\n\n\n\n<p><strong>Plus d&rsquo;\u00e9v\u00e9nements et d&rsquo;actualit\u00e9s ?<\/strong><br>Retrouvez nos actus et nos \u00e9v\u00e9nements sur nos r\u00e9seaux :<br><a href=\"https:\/\/www.facebook.com\/profile.php?id=61559946852597\"><strong>https:\/\/www.facebook.com\/profile.php?id=61559946852597<\/strong><\/a><br><strong><a href=\"https:\/\/www.instagram.com\/brasserie_les_dominicains\/\">https:\/\/www.instagram.com\/brasserie_les_dominicains\/<\/a><\/strong><\/p>\n","protected":false},"excerpt":{"rendered":"<p>Grande soir\u00e9e tartes flamb\u00e9es \u00e0 volont\u00e9, \u00e0 la Brasserie Les Dominicains de Colmar. Retrouvez toutes nos tartes flamb\u00e9es pour une grande soir\u00e9e sp\u00e9ciale gourmandise ! Concernant les tarifs La formule tarte flamb\u00e9e \u00e0 volont\u00e9 est \u00e0 18,50\u20ac par personne. Attention ! Nous vous conseillons fortement de r\u00e9server, pour cette premi\u00e8re soir\u00e9e Tartes Flamb\u00e9es \u00e0 volont\u00e9 [&hellip;]<\/p>\n","protected":false},"author":1,"featured_media":1275,"comment_status":"closed","ping_status":"open","sticky":false,"template":"","format":"standard","meta":{"saved_in_kubio":false,"_seopress_robots_primary_cat":"","_seopress_titles_title":"","_seopress_titles_desc":"","_seopress_robots_index":"","footnotes":""},"categories":[1],"tags":[],"class_list":["post-1274","post","type-post","status-publish","format-standard","has-post-thumbnail","hentry","category-non-classe"],"_links":{"self":[{"href":"https:\/\/brasserie-dominicains.fr\/en\/wp-json\/wp\/v2\/posts\/1274","targetHints":{"allow":["GET"]}}],"collection":[{"href":"https:\/\/brasserie-dominicains.fr\/en\/wp-json\/wp\/v2\/posts"}],"about":[{"href":"https:\/\/brasserie-dominicains.fr\/en\/wp-json\/wp\/v2\/types\/post"}],"author":[{"embeddable":true,"href":"https:\/\/brasserie-dominicains.fr\/en\/wp-json\/wp\/v2\/users\/1"}],"replies":[{"embeddable":true,"href":"https:\/\/brasserie-dominicains.fr\/en\/wp-json\/wp\/v2\/comments?post=1274"}],"version-history":[{"count":1,"href":"https:\/\/brasserie-dominicains.fr\/en\/wp-json\/wp\/v2\/posts\/1274\/revisions"}],"predecessor-version":[{"id":1276,"href":"https:\/\/brasserie-dominicains.fr\/en\/wp-json\/wp\/v2\/posts\/1274\/revisions\/1276"}],"wp:featuredmedia":[{"embeddable":true,"href":"https:\/\/brasserie-dominicains.fr\/en\/wp-json\/wp\/v2\/media\/1275"}],"wp:attachment":[{"href":"https:\/\/brasserie-dominicains.fr\/en\/wp-json\/wp\/v2\/media?parent=1274"}],"wp:term":[{"taxonomy":"category","embeddable":true,"href":"https:\/\/brasserie-dominicains.fr\/en\/wp-json\/wp\/v2\/categories?post=1274"},{"taxonomy":"post_tag","embeddable":true,"href":"https:\/\/brasserie-dominicains.fr\/en\/wp-json\/wp\/v2\/tags?post=1274"}],"curies":[{"name":"wp","href":"https:\/\/api.w.org\/{rel}","templated":true}]}}